{"id":7028,"date":"2020-06-26T08:21:51","date_gmt":"2020-06-26T13:21:51","guid":{"rendered":"https:\/\/artesmarcialesparatodos.com\/?p=7028"},"modified":"2020-06-26T08:21:51","modified_gmt":"2020-06-26T13:21:51","slug":"ruben-suarez-grandmaster-9-dan-en-taekwondo-itf","status":"publish","type":"post","link":"https:\/\/artesmarcialesparatodos.com\/wp\/ruben-suarez-grandmaster-9-dan-en-taekwondo-itf\/","title":{"rendered":"RUBEN SUAREZ, Grandmaster 9 Dan en Taekwondo ITF"},"content":{"rendered":"<p>[vc_row type=\u00bbin_container\u00bb full_screen_row_position=\u00bbmiddle\u00bb scene_position=\u00bbcenter\u00bb text_color=\u00bbdark\u00bb text_align=\u00bbleft\u00bb overlay_strength=\u00bb0.3&#8243; shape_divider_position=\u00bbbottom\u00bb bg_image_animation=\u00bbnone\u00bb][vc_column column_padding=\u00bbno-extra-padding\u00bb column_padding_position=\u00bball\u00bb background_color_opacity=\u00bb1&#8243; background_hover_color_opacity=\u00bb1&#8243; column_link_target=\u00bb_self\u00bb column_shadow=\u00bbnone\u00bb column_border_radius=\u00bbnone\u00bb width=\u00bb1\/1&#8243; tablet_width_inherit=\u00bbdefault\u00bb tablet_text_alignment=\u00bbdefault\u00bb phone_text_alignment=\u00bbdefault\u00bb column_border_width=\u00bbnone\u00bb column_border_style=\u00bbsolid\u00bb bg_image_animation=\u00bbnone\u00bb][vc_column_text]<\/p>\n<h3><span style=\"font-weight: 400;\">Grandmaster Rub\u00e9n Su\u00e1rez , un ejemplo de constancia y mucho trabajo<\/span><\/h3>\n<p><span style=\"font-weight: 400;\">Hace muchos a\u00f1os tuve el placer de entrenar con el Grandmaster Rub\u00e9n Su\u00e1rez y aunque fue por un corto tiempo, no puedo negar que dej\u00f3 una gran impresi\u00f3n en mi.\u00a0 Como todo en la vida perd\u00ed contacto con \u00e9l pero a trav\u00e9s de otros instructores ( como Arlex Obando y Erwin Ayala ), sab\u00eda que suced\u00eda en su vida y sus logros en USA.\u00a0<\/span><\/p>\n<p><span style=\"font-weight: 400;\">De verdad fue un placer enorme reencontrarme con \u00e9l, cuando recibi\u00f3 este t\u00edtulo recientemente. Dentro de su organizaci\u00f3n es la s\u00e9ptima persona en recibir este grado en los Estados Unidos, un m\u00e9rito sin duda alguna que una peque\u00f1\u00edsima minor\u00eda alcanza.<\/span>[\/vc_column_text][vc_column_text]<\/p>\n<h3><span style=\"font-weight: 400;\">Un poco acerca del Grandmaster Rub\u00e9n Su\u00e1rez<\/span><\/h3>\n<p><span style=\"font-weight: 400;\">Empez\u00f3 a entrenar Taekwondo en el a\u00f1o 1973 en la ciudad de Cali con el GrandMaster Jorge Luis Avenda\u00f1o. El maestro Su\u00e1rez habla con supremo respeto con referencia a esta leyenda del Taekwondo Colombiano WT. \u201c<\/span><i><span style=\"font-weight: 400;\">Nadie puede negar la influencia del maestro Avenda\u00f1o en el Valle del Cauca y todo el pa\u00eds y a \u00e9l le debo todo lo que tengo<\/span><\/i><span style=\"font-weight: 400;\">\u201d, dice el maestro Rub\u00e9n Su\u00e1rez.<\/span><\/p>\n<p><span style=\"font-weight: 400;\">En 1990 viaj\u00f3 a USA, inicialmente a CA, pero al no gustarle mucho y cuando ya pensaba en devolverse ( 2 a\u00f1os despu\u00e9s) tuvo la oportunidad de viajar a Nueva York, y ah\u00ed comenz\u00f3 una aventura que se extiende hasta el d\u00eda de hoy.<\/span>[\/vc_column_text][\/vc_column][\/vc_row][vc_row type=\u00bbin_container\u00bb full_screen_row_position=\u00bbmiddle\u00bb scene_position=\u00bbcenter\u00bb text_color=\u00bbdark\u00bb text_align=\u00bbleft\u00bb overlay_strength=\u00bb0.3&#8243; shape_divider_position=\u00bbbottom\u00bb bg_image_animation=\u00bbnone\u00bb][vc_column column_padding=\u00bbno-extra-padding\u00bb column_padding_position=\u00bball\u00bb background_color_opacity=\u00bb1&#8243; background_hover_color_opacity=\u00bb1&#8243; column_link_target=\u00bb_self\u00bb column_shadow=\u00bbnone\u00bb column_border_radius=\u00bbnone\u00bb width=\u00bb1\/1&#8243; tablet_width_inherit=\u00bbdefault\u00bb tablet_text_alignment=\u00bbdefault\u00bb phone_text_alignment=\u00bbdefault\u00bb column_border_width=\u00bbnone\u00bb column_border_style=\u00bbsolid\u00bb bg_image_animation=\u00bbnone\u00bb][image_with_animation image_url=\u00bb7030&#8243; alignment=\u00bbcenter\u00bb animation=\u00bbFade In\u00bb border_radius=\u00bbnone\u00bb box_shadow=\u00bbnone\u00bb max_width=\u00bb100%\u00bb][\/vc_column][\/vc_row][vc_row type=\u00bbin_container\u00bb full_screen_row_position=\u00bbmiddle\u00bb scene_position=\u00bbcenter\u00bb text_color=\u00bbdark\u00bb text_align=\u00bbleft\u00bb overlay_strength=\u00bb0.3&#8243; shape_divider_position=\u00bbbottom\u00bb bg_image_animation=\u00bbnone\u00bb][vc_column column_padding=\u00bbno-extra-padding\u00bb column_padding_position=\u00bball\u00bb background_color_opacity=\u00bb1&#8243; background_hover_color_opacity=\u00bb1&#8243; column_link_target=\u00bb_self\u00bb column_shadow=\u00bbnone\u00bb column_border_radius=\u00bbnone\u00bb width=\u00bb1\/1&#8243; tablet_width_inherit=\u00bbdefault\u00bb tablet_text_alignment=\u00bbdefault\u00bb phone_text_alignment=\u00bbdefault\u00bb column_border_width=\u00bbnone\u00bb column_border_style=\u00bbsolid\u00bb bg_image_animation=\u00bbnone\u00bb][vc_column_text]<b>1992 EL PRINCIPIO DE UN SUE\u00d1O<\/b><\/p>\n<p><span style=\"font-weight: 400;\">En este a\u00f1o el maestro Su\u00e1rez abri\u00f3 su escuela en la ciudad de Queens y fue el principio de una serie de experiencias personales y profesionales\u00a0 que hasta el sol de hoy agradece con la calidez que siempre lo ha caracterizado. Si desea conocer m\u00e1s sobre esta escuela, puede visitar este enlace <\/span><a href=\"https:\/\/www.qtc-itf.com\/home\" target=\"_blank\" rel=\"noopener noreferrer\"><span style=\"font-weight: 400;\">https:\/\/www.qtc-itf.com\/home<\/span><\/a><\/p>\n<p><span style=\"font-weight: 400;\">En todos estos a\u00f1os, todos sus estudiantes han sido un motivo de orgullo y satisfacci\u00f3n, pero resalta en particular la obra de Julio Carlos que ha sido tres veces campe\u00f3n mundial en Taekwondo ITF y tres veces de la copa del mundo.<\/span>[\/vc_column_text][\/vc_column][\/vc_row][vc_row type=\u00bbin_container\u00bb full_screen_row_position=\u00bbmiddle\u00bb scene_position=\u00bbcenter\u00bb text_color=\u00bbdark\u00bb text_align=\u00bbleft\u00bb overlay_strength=\u00bb0.3&#8243; shape_divider_position=\u00bbbottom\u00bb bg_image_animation=\u00bbnone\u00bb][vc_column column_padding=\u00bbno-extra-padding\u00bb column_padding_position=\u00bball\u00bb background_color_opacity=\u00bb1&#8243; background_hover_color_opacity=\u00bb1&#8243; column_link_target=\u00bb_self\u00bb column_shadow=\u00bbnone\u00bb column_border_radius=\u00bbnone\u00bb width=\u00bb1\/1&#8243; tablet_width_inherit=\u00bbdefault\u00bb tablet_text_alignment=\u00bbdefault\u00bb phone_text_alignment=\u00bbdefault\u00bb column_border_width=\u00bbnone\u00bb column_border_style=\u00bbsolid\u00bb bg_image_animation=\u00bbnone\u00bb][\/vc_column][\/vc_row][vc_row type=\u00bbin_container\u00bb full_screen_row_position=\u00bbmiddle\u00bb scene_position=\u00bbcenter\u00bb text_color=\u00bbdark\u00bb text_align=\u00bbleft\u00bb overlay_strength=\u00bb0.3&#8243; shape_divider_position=\u00bbbottom\u00bb bg_image_animation=\u00bbnone\u00bb][vc_column column_padding=\u00bbno-extra-padding\u00bb column_padding_position=\u00bball\u00bb background_color_opacity=\u00bb1&#8243; background_hover_color_opacity=\u00bb1&#8243; column_link_target=\u00bb_self\u00bb column_shadow=\u00bbnone\u00bb column_border_radius=\u00bbnone\u00bb width=\u00bb1\/1&#8243; tablet_width_inherit=\u00bbdefault\u00bb tablet_text_alignment=\u00bbdefault\u00bb phone_text_alignment=\u00bbdefault\u00bb column_border_width=\u00bbnone\u00bb column_border_style=\u00bbsolid\u00bb bg_image_animation=\u00bbnone\u00bb][vc_column_text]<\/p>\n<h3><b>LA FAMILIA, SIN ELLA NO HAY OBJETIVO CLARO\u00a0<\/b><\/h3>\n<p><span style=\"font-weight: 400;\">Muchas personas han influido en la vida del Maestro Su\u00e1rez pero se detiene con especial cari\u00f1o a resaltar la importancia de la familia para lograr cualquier objetivo.<\/span><b><i> \u201c Sin el apoyo de la familia sencillamente mis logros no existir\u00edan. Yo he recibido todo el apoyo de mi esposa y mis hijas y son el pilar de todo lo que he construido. Inclusive todas ellas entrenan conmigo y creo que eso lo dice todo\u201d<\/i><\/b><\/p>\n<p>Con ustedes , el maestro Rub\u00e9n Su\u00e1rez:[\/vc_column_text][\/vc_column][\/vc_row][vc_row type=\u00bbin_container\u00bb full_screen_row_position=\u00bbmiddle\u00bb scene_position=\u00bbcenter\u00bb text_color=\u00bbdark\u00bb text_align=\u00bbleft\u00bb overlay_strength=\u00bb0.3&#8243; shape_divider_position=\u00bbbottom\u00bb bg_image_animation=\u00bbnone\u00bb][vc_column column_padding=\u00bbno-extra-padding\u00bb column_padding_position=\u00bball\u00bb background_color_opacity=\u00bb1&#8243; background_hover_color_opacity=\u00bb1&#8243; column_link_target=\u00bb_self\u00bb column_shadow=\u00bbnone\u00bb column_border_radius=\u00bbnone\u00bb width=\u00bb1\/1&#8243; tablet_width_inherit=\u00bbdefault\u00bb tablet_text_alignment=\u00bbdefault\u00bb phone_text_alignment=\u00bbdefault\u00bb column_border_width=\u00bbnone\u00bb column_border_style=\u00bbsolid\u00bb bg_image_animation=\u00bbnone\u00bb][vc_video link=\u00bbhttps:\/\/youtu.be\/uGuzFWqYZDk\u00bb el_width=\u00bb80&#8243; align=\u00bbcenter\u00bb][\/vc_column][\/vc_row]<\/p>\n","protected":false},"excerpt":{"rendered":"<p>[vc_row type=\u00bbin_container\u00bb full_screen_row_position=\u00bbmiddle\u00bb scene_position=\u00bbcenter\u00bb text_color=\u00bbdark\u00bb text_align=\u00bbleft\u00bb overlay_strength=\u00bb0.3&#8243; shape_divider_position=\u00bbbottom\u00bb bg_image_animation=\u00bbnone\u00bb][vc_column column_padding=\u00bbno-extra-padding\u00bb column_padding_position=\u00bball\u00bb background_color_opacity=\u00bb1&#8243; background_hover_color_opacity=\u00bb1&#8243; column_link_target=\u00bb_self\u00bb column_shadow=\u00bbnone\u00bb column_border_radius=\u00bbnone\u00bb width=\u00bb1\/1&#8243; tablet_width_inherit=\u00bbdefault\u00bb tablet_text_alignment=\u00bbdefault\u00bb phone_text_alignment=\u00bbdefault\u00bb column_border_width=\u00bbnone\u00bb column_border_style=\u00bbsolid\u00bb bg_image_animation=\u00bbnone\u00bb][vc_column_text] Grandmaster Rub\u00e9n Su\u00e1rez , un ejemplo de constancia y mucho trabajo Hace muchos a\u00f1os tuve el placer de entrenar con el Grandmaster Rub\u00e9n Su\u00e1rez y aunque fue por un corto tiempo, no [&hellip;]<\/p>\n","protected":false},"author":1,"featured_media":7029,"comment_status":"open","ping_status":"open","sticky":false,"template":"","format":"standard","meta":{"footnotes":""},"categories":[45],"tags":[187,188],"class_list":["post-7028","post","type-post","status-publish","format-standard","has-post-thumbnail","hentry","category-noticias","tag-grandmaster-ruben-suarez","tag-rueb-suarez-taekwondo-itf"],"yoast_head":"<!-- This site is optimized with the Yoast SEO plugin v25.6 - https:\/\/yoast.com\/wordpress\/plugins\/seo\/ -->\n<title>RUBEN SUAREZ, Grandmaster 9 Dan en Taekwondo ITF - ARTES MARCIALES PARA TODOS<\/title>\n<meta name=\"description\" content=\"Grandmaster Ruben Suarez, uno de los siete maestros que han alcanzado este t\u00edtulo en USA en Taekwondo ITF, un logro que muy pocos alcanzan\" \/>\n<meta name=\"robots\" content=\"index, follow, max-snippet:-1, max-image-preview:large, max-video-preview:-1\" \/>\n<link rel=\"canonical\" href=\"https:\/\/artesmarcialesparatodos.com\/wp\/ruben-suarez-grandmaster-9-dan-en-taekwondo-itf\/\" \/>\n<meta property=\"og:locale\" content=\"es_ES\" \/>\n<meta property=\"og:type\" content=\"article\" \/>\n<meta property=\"og:title\" content=\"RUBEN SUAREZ, Grandmaster 9 Dan en Taekwondo ITF - ARTES MARCIALES PARA TODOS\" \/>\n<meta property=\"og:description\" content=\"Grandmaster Ruben Suarez, uno de los siete maestros que han alcanzado este t\u00edtulo en USA en Taekwondo ITF, un logro que muy pocos alcanzan\" \/>\n<meta property=\"og:url\" content=\"https:\/\/artesmarcialesparatodos.com\/wp\/ruben-suarez-grandmaster-9-dan-en-taekwondo-itf\/\" \/>\n<meta property=\"og:site_name\" content=\"ARTES MARCIALES PARA TODOS\" \/>\n<meta property=\"article:published_time\" content=\"2020-06-26T13:21:51+00:00\" \/>\n<meta property=\"og:image\" content=\"https:\/\/artesmarcialesparatodos.com\/wp\/wp-content\/uploads\/2020\/06\/grand-master-ruben-suarez.jpg\" \/>\n\t<meta property=\"og:image:width\" content=\"600\" \/>\n\t<meta property=\"og:image:height\" content=\"450\" \/>\n\t<meta property=\"og:image:type\" content=\"image\/jpeg\" \/>\n<meta name=\"author\" content=\"adminpata2019\" \/>\n<meta name=\"twitter:card\" content=\"summary_large_image\" \/>\n<meta name=\"twitter:label1\" content=\"Escrito por\" \/>\n\t<meta name=\"twitter:data1\" content=\"adminpata2019\" \/>\n\t<meta name=\"twitter:label2\" content=\"Tiempo de lectura\" \/>\n\t<meta name=\"twitter:data2\" content=\"5 minutos\" \/>\n<script type=\"application\/ld+json\" class=\"yoast-schema-graph\">{\"@context\":\"https:\/\/schema.org\",\"@graph\":[{\"@type\":\"Article\",\"@id\":\"https:\/\/artesmarcialesparatodos.com\/wp\/ruben-suarez-grandmaster-9-dan-en-taekwondo-itf\/#article\",\"isPartOf\":{\"@id\":\"https:\/\/artesmarcialesparatodos.com\/wp\/ruben-suarez-grandmaster-9-dan-en-taekwondo-itf\/\"},\"author\":{\"name\":\"adminpata2019\",\"@id\":\"https:\/\/artesmarcialesparatodos.com\/wp\/#\/schema\/person\/c5c562b5771258d691f41e7fc43af754\"},\"headline\":\"RUBEN SUAREZ, Grandmaster 9 Dan en Taekwondo ITF\",\"datePublished\":\"2020-06-26T13:21:51+00:00\",\"mainEntityOfPage\":{\"@id\":\"https:\/\/artesmarcialesparatodos.com\/wp\/ruben-suarez-grandmaster-9-dan-en-taekwondo-itf\/\"},\"wordCount\":1024,\"commentCount\":0,\"publisher\":{\"@id\":\"https:\/\/artesmarcialesparatodos.com\/wp\/#organization\"},\"image\":{\"@id\":\"https:\/\/artesmarcialesparatodos.com\/wp\/ruben-suarez-grandmaster-9-dan-en-taekwondo-itf\/#primaryimage\"},\"thumbnailUrl\":\"https:\/\/artesmarcialesparatodos.com\/wp\/wp-content\/uploads\/2020\/06\/grand-master-ruben-suarez.jpg\",\"keywords\":[\"grandmaster ruben suarez\",\"rueb suarez taekwondo itf\"],\"articleSection\":[\"NOTICIAS\"],\"inLanguage\":\"es\",\"potentialAction\":[{\"@type\":\"CommentAction\",\"name\":\"Comment\",\"target\":[\"https:\/\/artesmarcialesparatodos.com\/wp\/ruben-suarez-grandmaster-9-dan-en-taekwondo-itf\/#respond\"]}]},{\"@type\":\"WebPage\",\"@id\":\"https:\/\/artesmarcialesparatodos.com\/wp\/ruben-suarez-grandmaster-9-dan-en-taekwondo-itf\/\",\"url\":\"https:\/\/artesmarcialesparatodos.com\/wp\/ruben-suarez-grandmaster-9-dan-en-taekwondo-itf\/\",\"name\":\"RUBEN SUAREZ, Grandmaster 9 Dan en Taekwondo ITF - ARTES MARCIALES PARA TODOS\",\"isPartOf\":{\"@id\":\"https:\/\/artesmarcialesparatodos.com\/wp\/#website\"},\"primaryImageOfPage\":{\"@id\":\"https:\/\/artesmarcialesparatodos.com\/wp\/ruben-suarez-grandmaster-9-dan-en-taekwondo-itf\/#primaryimage\"},\"image\":{\"@id\":\"https:\/\/artesmarcialesparatodos.com\/wp\/ruben-suarez-grandmaster-9-dan-en-taekwondo-itf\/#primaryimage\"},\"thumbnailUrl\":\"https:\/\/artesmarcialesparatodos.com\/wp\/wp-content\/uploads\/2020\/06\/grand-master-ruben-suarez.jpg\",\"datePublished\":\"2020-06-26T13:21:51+00:00\",\"description\":\"Grandmaster Ruben Suarez, uno de los siete maestros que han alcanzado este t\u00edtulo en USA en Taekwondo ITF, un logro que muy pocos alcanzan\",\"breadcrumb\":{\"@id\":\"https:\/\/artesmarcialesparatodos.com\/wp\/ruben-suarez-grandmaster-9-dan-en-taekwondo-itf\/#breadcrumb\"},\"inLanguage\":\"es\",\"potentialAction\":[{\"@type\":\"ReadAction\",\"target\":[\"https:\/\/artesmarcialesparatodos.com\/wp\/ruben-suarez-grandmaster-9-dan-en-taekwondo-itf\/\"]}]},{\"@type\":\"ImageObject\",\"inLanguage\":\"es\",\"@id\":\"https:\/\/artesmarcialesparatodos.com\/wp\/ruben-suarez-grandmaster-9-dan-en-taekwondo-itf\/#primaryimage\",\"url\":\"https:\/\/artesmarcialesparatodos.com\/wp\/wp-content\/uploads\/2020\/06\/grand-master-ruben-suarez.jpg\",\"contentUrl\":\"https:\/\/artesmarcialesparatodos.com\/wp\/wp-content\/uploads\/2020\/06\/grand-master-ruben-suarez.jpg\",\"width\":600,\"height\":450},{\"@type\":\"BreadcrumbList\",\"@id\":\"https:\/\/artesmarcialesparatodos.com\/wp\/ruben-suarez-grandmaster-9-dan-en-taekwondo-itf\/#breadcrumb\",\"itemListElement\":[{\"@type\":\"ListItem\",\"position\":1,\"name\":\"Portada\",\"item\":\"https:\/\/artesmarcialesparatodos.com\/wp\/\"},{\"@type\":\"ListItem\",\"position\":2,\"name\":\"RUBEN SUAREZ, Grandmaster 9 Dan en Taekwondo ITF\"}]},{\"@type\":\"WebSite\",\"@id\":\"https:\/\/artesmarcialesparatodos.com\/wp\/#website\",\"url\":\"https:\/\/artesmarcialesparatodos.com\/wp\/\",\"name\":\"ARTES MARCIALES PARA TODOS\",\"description\":\"Hablemos de Artes Marciales\",\"publisher\":{\"@id\":\"https:\/\/artesmarcialesparatodos.com\/wp\/#organization\"},\"potentialAction\":[{\"@type\":\"SearchAction\",\"target\":{\"@type\":\"EntryPoint\",\"urlTemplate\":\"https:\/\/artesmarcialesparatodos.com\/wp\/?s={search_term_string}\"},\"query-input\":{\"@type\":\"PropertyValueSpecification\",\"valueRequired\":true,\"valueName\":\"search_term_string\"}}],\"inLanguage\":\"es\"},{\"@type\":\"Organization\",\"@id\":\"https:\/\/artesmarcialesparatodos.com\/wp\/#organization\",\"name\":\"ARTES MARCIALES PARA TODOS\",\"url\":\"https:\/\/artesmarcialesparatodos.com\/wp\/\",\"logo\":{\"@type\":\"ImageObject\",\"inLanguage\":\"es\",\"@id\":\"https:\/\/artesmarcialesparatodos.com\/wp\/#\/schema\/logo\/image\/\",\"url\":\"https:\/\/artesmarcialesparatodos.com\/wp\/wp-content\/uploads\/2019\/09\/ARTES-MARCIALES-PARA-TODOS.png\",\"contentUrl\":\"https:\/\/artesmarcialesparatodos.com\/wp\/wp-content\/uploads\/2019\/09\/ARTES-MARCIALES-PARA-TODOS.png\",\"width\":522,\"height\":171,\"caption\":\"ARTES MARCIALES PARA TODOS\"},\"image\":{\"@id\":\"https:\/\/artesmarcialesparatodos.com\/wp\/#\/schema\/logo\/image\/\"}},{\"@type\":\"Person\",\"@id\":\"https:\/\/artesmarcialesparatodos.com\/wp\/#\/schema\/person\/c5c562b5771258d691f41e7fc43af754\",\"name\":\"adminpata2019\",\"image\":{\"@type\":\"ImageObject\",\"inLanguage\":\"es\",\"@id\":\"https:\/\/artesmarcialesparatodos.com\/wp\/#\/schema\/person\/image\/\",\"url\":\"https:\/\/secure.gravatar.com\/avatar\/1d6bbc5d4cd8fa22b475004f23d8eca6fa4ad967a333c189e870ee526f3715f1?s=96&d=mm&r=g\",\"contentUrl\":\"https:\/\/secure.gravatar.com\/avatar\/1d6bbc5d4cd8fa22b475004f23d8eca6fa4ad967a333c189e870ee526f3715f1?s=96&d=mm&r=g\",\"caption\":\"adminpata2019\"},\"sameAs\":[\"https:\/\/artesmarcialesparatodos.com\/wp\"],\"url\":\"https:\/\/artesmarcialesparatodos.com\/wp\/author\/adminpata2019\/\"}]}<\/script>\n<!-- \/ Yoast SEO plugin. -->","yoast_head_json":{"title":"RUBEN SUAREZ, Grandmaster 9 Dan en Taekwondo ITF - ARTES MARCIALES PARA TODOS","description":"Grandmaster Ruben Suarez, uno de los siete maestros que han alcanzado este t\u00edtulo en USA en Taekwondo ITF, un logro que muy pocos alcanzan","robots":{"index":"index","follow":"follow","max-snippet":"max-snippet:-1","max-image-preview":"max-image-preview:large","max-video-preview":"max-video-preview:-1"},"canonical":"https:\/\/artesmarcialesparatodos.com\/wp\/ruben-suarez-grandmaster-9-dan-en-taekwondo-itf\/","og_locale":"es_ES","og_type":"article","og_title":"RUBEN SUAREZ, Grandmaster 9 Dan en Taekwondo ITF - ARTES MARCIALES PARA TODOS","og_description":"Grandmaster Ruben Suarez, uno de los siete maestros que han alcanzado este t\u00edtulo en USA en Taekwondo ITF, un logro que muy pocos alcanzan","og_url":"https:\/\/artesmarcialesparatodos.com\/wp\/ruben-suarez-grandmaster-9-dan-en-taekwondo-itf\/","og_site_name":"ARTES MARCIALES PARA TODOS","article_published_time":"2020-06-26T13:21:51+00:00","og_image":[{"width":600,"height":450,"url":"https:\/\/artesmarcialesparatodos.com\/wp\/wp-content\/uploads\/2020\/06\/grand-master-ruben-suarez.jpg","type":"image\/jpeg"}],"author":"adminpata2019","twitter_card":"summary_large_image","twitter_misc":{"Escrito por":"adminpata2019","Tiempo de lectura":"5 minutos"},"schema":{"@context":"https:\/\/schema.org","@graph":[{"@type":"Article","@id":"https:\/\/artesmarcialesparatodos.com\/wp\/ruben-suarez-grandmaster-9-dan-en-taekwondo-itf\/#article","isPartOf":{"@id":"https:\/\/artesmarcialesparatodos.com\/wp\/ruben-suarez-grandmaster-9-dan-en-taekwondo-itf\/"},"author":{"name":"adminpata2019","@id":"https:\/\/artesmarcialesparatodos.com\/wp\/#\/schema\/person\/c5c562b5771258d691f41e7fc43af754"},"headline":"RUBEN SUAREZ, Grandmaster 9 Dan en Taekwondo ITF","datePublished":"2020-06-26T13:21:51+00:00","mainEntityOfPage":{"@id":"https:\/\/artesmarcialesparatodos.com\/wp\/ruben-suarez-grandmaster-9-dan-en-taekwondo-itf\/"},"wordCount":1024,"commentCount":0,"publisher":{"@id":"https:\/\/artesmarcialesparatodos.com\/wp\/#organization"},"image":{"@id":"https:\/\/artesmarcialesparatodos.com\/wp\/ruben-suarez-grandmaster-9-dan-en-taekwondo-itf\/#primaryimage"},"thumbnailUrl":"https:\/\/artesmarcialesparatodos.com\/wp\/wp-content\/uploads\/2020\/06\/grand-master-ruben-suarez.jpg","keywords":["grandmaster ruben suarez","rueb suarez taekwondo itf"],"articleSection":["NOTICIAS"],"inLanguage":"es","potentialAction":[{"@type":"CommentAction","name":"Comment","target":["https:\/\/artesmarcialesparatodos.com\/wp\/ruben-suarez-grandmaster-9-dan-en-taekwondo-itf\/#respond"]}]},{"@type":"WebPage","@id":"https:\/\/artesmarcialesparatodos.com\/wp\/ruben-suarez-grandmaster-9-dan-en-taekwondo-itf\/","url":"https:\/\/artesmarcialesparatodos.com\/wp\/ruben-suarez-grandmaster-9-dan-en-taekwondo-itf\/","name":"RUBEN SUAREZ, Grandmaster 9 Dan en Taekwondo ITF - ARTES MARCIALES PARA TODOS","isPartOf":{"@id":"https:\/\/artesmarcialesparatodos.com\/wp\/#website"},"primaryImageOfPage":{"@id":"https:\/\/artesmarcialesparatodos.com\/wp\/ruben-suarez-grandmaster-9-dan-en-taekwondo-itf\/#primaryimage"},"image":{"@id":"https:\/\/artesmarcialesparatodos.com\/wp\/ruben-suarez-grandmaster-9-dan-en-taekwondo-itf\/#primaryimage"},"thumbnailUrl":"https:\/\/artesmarcialesparatodos.com\/wp\/wp-content\/uploads\/2020\/06\/grand-master-ruben-suarez.jpg","datePublished":"2020-06-26T13:21:51+00:00","description":"Grandmaster Ruben Suarez, uno de los siete maestros que han alcanzado este t\u00edtulo en USA en Taekwondo ITF, un logro que muy pocos alcanzan","breadcrumb":{"@id":"https:\/\/artesmarcialesparatodos.com\/wp\/ruben-suarez-grandmaster-9-dan-en-taekwondo-itf\/#breadcrumb"},"inLanguage":"es","potentialAction":[{"@type":"ReadAction","target":["https:\/\/artesmarcialesparatodos.com\/wp\/ruben-suarez-grandmaster-9-dan-en-taekwondo-itf\/"]}]},{"@type":"ImageObject","inLanguage":"es","@id":"https:\/\/artesmarcialesparatodos.com\/wp\/ruben-suarez-grandmaster-9-dan-en-taekwondo-itf\/#primaryimage","url":"https:\/\/artesmarcialesparatodos.com\/wp\/wp-content\/uploads\/2020\/06\/grand-master-ruben-suarez.jpg","contentUrl":"https:\/\/artesmarcialesparatodos.com\/wp\/wp-content\/uploads\/2020\/06\/grand-master-ruben-suarez.jpg","width":600,"height":450},{"@type":"BreadcrumbList","@id":"https:\/\/artesmarcialesparatodos.com\/wp\/ruben-suarez-grandmaster-9-dan-en-taekwondo-itf\/#breadcrumb","itemListElement":[{"@type":"ListItem","position":1,"name":"Portada","item":"https:\/\/artesmarcialesparatodos.com\/wp\/"},{"@type":"ListItem","position":2,"name":"RUBEN SUAREZ, Grandmaster 9 Dan en Taekwondo ITF"}]},{"@type":"WebSite","@id":"https:\/\/artesmarcialesparatodos.com\/wp\/#website","url":"https:\/\/artesmarcialesparatodos.com\/wp\/","name":"ARTES MARCIALES PARA TODOS","description":"Hablemos de Artes Marciales","publisher":{"@id":"https:\/\/artesmarcialesparatodos.com\/wp\/#organization"},"potentialAction":[{"@type":"SearchAction","target":{"@type":"EntryPoint","urlTemplate":"https:\/\/artesmarcialesparatodos.com\/wp\/?s={search_term_string}"},"query-input":{"@type":"PropertyValueSpecification","valueRequired":true,"valueName":"search_term_string"}}],"inLanguage":"es"},{"@type":"Organization","@id":"https:\/\/artesmarcialesparatodos.com\/wp\/#organization","name":"ARTES MARCIALES PARA TODOS","url":"https:\/\/artesmarcialesparatodos.com\/wp\/","logo":{"@type":"ImageObject","inLanguage":"es","@id":"https:\/\/artesmarcialesparatodos.com\/wp\/#\/schema\/logo\/image\/","url":"https:\/\/artesmarcialesparatodos.com\/wp\/wp-content\/uploads\/2019\/09\/ARTES-MARCIALES-PARA-TODOS.png","contentUrl":"https:\/\/artesmarcialesparatodos.com\/wp\/wp-content\/uploads\/2019\/09\/ARTES-MARCIALES-PARA-TODOS.png","width":522,"height":171,"caption":"ARTES MARCIALES PARA TODOS"},"image":{"@id":"https:\/\/artesmarcialesparatodos.com\/wp\/#\/schema\/logo\/image\/"}},{"@type":"Person","@id":"https:\/\/artesmarcialesparatodos.com\/wp\/#\/schema\/person\/c5c562b5771258d691f41e7fc43af754","name":"adminpata2019","image":{"@type":"ImageObject","inLanguage":"es","@id":"https:\/\/artesmarcialesparatodos.com\/wp\/#\/schema\/person\/image\/","url":"https:\/\/secure.gravatar.com\/avatar\/1d6bbc5d4cd8fa22b475004f23d8eca6fa4ad967a333c189e870ee526f3715f1?s=96&d=mm&r=g","contentUrl":"https:\/\/secure.gravatar.com\/avatar\/1d6bbc5d4cd8fa22b475004f23d8eca6fa4ad967a333c189e870ee526f3715f1?s=96&d=mm&r=g","caption":"adminpata2019"},"sameAs":["https:\/\/artesmarcialesparatodos.com\/wp"],"url":"https:\/\/artesmarcialesparatodos.com\/wp\/author\/adminpata2019\/"}]}},"_links":{"self":[{"href":"https:\/\/artesmarcialesparatodos.com\/wp\/wp-json\/wp\/v2\/posts\/7028","targetHints":{"allow":["GET"]}}],"collection":[{"href":"https:\/\/artesmarcialesparatodos.com\/wp\/wp-json\/wp\/v2\/posts"}],"about":[{"href":"https:\/\/artesmarcialesparatodos.com\/wp\/wp-json\/wp\/v2\/types\/post"}],"author":[{"embeddable":true,"href":"https:\/\/artesmarcialesparatodos.com\/wp\/wp-json\/wp\/v2\/users\/1"}],"replies":[{"embeddable":true,"href":"https:\/\/artesmarcialesparatodos.com\/wp\/wp-json\/wp\/v2\/comments?post=7028"}],"version-history":[{"count":0,"href":"https:\/\/artesmarcialesparatodos.com\/wp\/wp-json\/wp\/v2\/posts\/7028\/revisions"}],"wp:featuredmedia":[{"embeddable":true,"href":"https:\/\/artesmarcialesparatodos.com\/wp\/wp-json\/wp\/v2\/media\/7029"}],"wp:attachment":[{"href":"https:\/\/artesmarcialesparatodos.com\/wp\/wp-json\/wp\/v2\/media?parent=7028"}],"wp:term":[{"taxonomy":"category","embeddable":true,"href":"https:\/\/artesmarcialesparatodos.com\/wp\/wp-json\/wp\/v2\/categories?post=7028"},{"taxonomy":"post_tag","embeddable":true,"href":"https:\/\/artesmarcialesparatodos.com\/wp\/wp-json\/wp\/v2\/tags?post=7028"}],"curies":[{"name":"wp","href":"https:\/\/api.w.org\/{rel}","templated":true}]}}