{"id":6738,"date":"2020-01-17T16:38:40","date_gmt":"2020-01-17T21:38:40","guid":{"rendered":"https:\/\/artesmarcialesparatodos.com\/?p=6738"},"modified":"2025-08-07T03:09:02","modified_gmt":"2025-08-07T03:09:02","slug":"diego-lenis","status":"publish","type":"post","link":"https:\/\/artesmarcialesparatodos.com\/wp\/diego-lenis\/","title":{"rendered":"#SUE\u00d1OMARCIAL\/DIEGO LENIS"},"content":{"rendered":"<p>UE\u00d1OMAR<\/p>\n<h2><b>Sea parte del sue\u00f1o y los triunfos de un artista marcial<\/b><\/h2>\n<p><span style=\"font-weight: 400;\">#ArtesMarcialesParaTodos es un sitio especializado en todo lo que tenga que ver con artes marciales.\u00a0<\/span><\/p>\n<p><span style=\"font-weight: 400;\">Hace unos d\u00edas hablando con un compa\u00f1ero de Karate, me di cuenta que no hab\u00eda podido asistir a un torneo por falta de \u201cfondos\u201d. En ese momento ca\u00ed en cuenta del enorme talento con el que contamos en la regi\u00f3n y sin embargo, no es suficiente para poder salir a competir y hacer sus sue\u00f1os realidad.<\/span><\/p>\n<p><span style=\"font-weight: 400;\">Esta misma situaci\u00f3n la vi hace poco con un muchacho que deseaba asistir a un torneo de Taekwondo, y teniendo todo el talento, no contaba con el apoyo para lograr este cometido.<\/span><\/p>\n<p><span style=\"font-weight: 400;\">Con eso en mente, Artes Marciales Para Todos decidi\u00f3 abrir un espacio para mostrar y apoyar a estos practicantes de artes marciales que tienen un #sue\u00f1omarcial .\u00a0<\/span><\/p>\n<p><span style=\"font-weight: 400;\">Deseamos ser su voz y de esta forma, acercarlos un poco m\u00e1s a sus metas.<\/span><\/p>\n<h3><\/h3>\n<h2><b>Diego Lenis,\u00a0 <\/b><b>Fuerza, energ\u00eda y un futuro que usted puede ayudar a hacerlo m\u00e1s brillante\u00a0<\/b><\/h2>\n<p><span style=\"font-weight: 400;\">Hablamos con Diego Lenis <\/span><a href=\"https:\/\/www.instagram.com\/ninja.diego\/?hl=es-la\"><span style=\"font-weight: 400;\">(@ninja.diego<\/span><\/a><span style=\"font-weight: 400;\"> en Instagram) para que nos contara un poco sus planes para este 2020.<\/span><\/p>\n<ul>\n<li>Campe\u00f3n Nacional, y medalla de plata, en el Campeonato Nacional Interligas realizado en la ciudad de Bogot\u00e1 el 01 al 4 de Marzo de 2018, en la categor\u00eda +84 kg y por Equipos Mayores Masculino, como representante de la selecci\u00f3n Valle<\/li>\n<li>Medalla de Plata, JUEGOS SURAMERICANO, realizados en Cochabamba, Bolivia, en el Mes de Mayo de 2018, en la Categor\u00eda +84kg Mayores, como representante de la selecci\u00f3n Colombia.<\/li>\n<\/ul>\n<ul>\n<li>Medalla de Plata, JUEGOS CENTROAMERICANOS, realizados en Barranquilla, Colombia en el Mes de julio de 2018, en la Categor\u00eda +84kg Mayores, como representante de la selecci\u00f3n Colombia.<\/li>\n<\/ul>\n<ul>\n<li>Campeon US OPEN LAS VEGAS, NV USA 2019, en la Categor\u00eda +84kg Mayores, como representante de la selecci\u00f3n Colombia<\/li>\n<\/ul>\n<ul>\n<li>3er Lugar Medalla de Bronce, Juegos Panamericanos Lima, Peru 2019, en la Categor\u00eda +84kg Mayores, como representante de la selecci\u00f3n Colombia<\/li>\n<\/ul>\n<ul>\n<li>Bi Campeon, Doble Medallista de Oro en los Juegos Nacionales del bicentenario, Cartagena 2019, como representate de la selecci\u00f3n Valle<\/li>\n<\/ul>\n<p><span style=\"font-weight: 400;\">Grandes expectativas y un gran futuro para este joven karateka y usted puede ser parte de ese futuro. Si desea hablar con \u00e9l, pude escribirle por su cuenta de Instagram, o se puede contactar con nosotros y encantados le daremos su informaci\u00f3n de contacto.<\/span><\/p>\n","protected":false},"excerpt":{"rendered":"<p>UE\u00d1OMAR Sea parte del sue\u00f1o y los triunfos de un artista marcial #ArtesMarcialesParaTodos es un sitio especializado en todo lo que tenga que ver con artes marciales.\u00a0 Hace unos d\u00edas hablando con un compa\u00f1ero de Karate, me di cuenta que no hab\u00eda podido asistir a un torneo por falta de \u201cfondos\u201d. En ese momento ca\u00ed [&hellip;]<\/p>\n","protected":false},"author":1,"featured_media":6740,"comment_status":"open","ping_status":"open","sticky":false,"template":"","format":"standard","meta":{"footnotes":""},"categories":[136,6],"tags":[137,10,138],"class_list":["post-6738","post","type-post","status-publish","format-standard","has-post-thumbnail","hentry","category-sueno-marcial","category-articulos-artes-marciales","tag-apoyo-a-deportistas-marciales","tag-karate-shotokan","tag-talento-marcial"],"yoast_head":"<!-- This site is optimized with the Yoast SEO plugin v25.6 - https:\/\/yoast.com\/wordpress\/plugins\/seo\/ -->\n<title>#SUE\u00d1OMARCIAL\/DIEGO LENIS - ARTES MARCIALES PARA TODOS<\/title>\n<meta name=\"description\" content=\"Diego Lenis, un talento regional en el Karate Shotokan que necesita de su ayuda para cumplir su #sue\u00f1omarcial . Conozca m\u00e1s sobre este deportista\" \/>\n<meta name=\"robots\" content=\"index, follow, max-snippet:-1, max-image-preview:large, max-video-preview:-1\" \/>\n<link rel=\"canonical\" href=\"https:\/\/artesmarcialesparatodos.com\/wp\/diego-lenis\/\" \/>\n<meta property=\"og:locale\" content=\"es_ES\" \/>\n<meta property=\"og:type\" content=\"article\" \/>\n<meta property=\"og:title\" content=\"#SUE\u00d1OMARCIAL\/DIEGO LENIS - ARTES MARCIALES PARA TODOS\" \/>\n<meta property=\"og:description\" content=\"Diego Lenis, un talento regional en el Karate Shotokan que necesita de su ayuda para cumplir su #sue\u00f1omarcial . Conozca m\u00e1s sobre este deportista\" \/>\n<meta property=\"og:url\" content=\"https:\/\/artesmarcialesparatodos.com\/wp\/diego-lenis\/\" \/>\n<meta property=\"og:site_name\" content=\"ARTES MARCIALES PARA TODOS\" \/>\n<meta property=\"article:published_time\" content=\"2020-01-17T21:38:40+00:00\" \/>\n<meta property=\"article:modified_time\" content=\"2025-08-07T03:09:02+00:00\" \/>\n<meta property=\"og:image\" content=\"https:\/\/artesmarcialesparatodos.com\/wp\/wp-content\/uploads\/2020\/01\/diego-lenis-karateka-2.jpeg\" \/>\n\t<meta property=\"og:image:width\" content=\"1280\" \/>\n\t<meta property=\"og:image:height\" content=\"947\" \/>\n\t<meta property=\"og:image:type\" content=\"image\/jpeg\" \/>\n<meta name=\"author\" content=\"adminpata2019\" \/>\n<meta name=\"twitter:card\" content=\"summary_large_image\" \/>\n<meta name=\"twitter:label1\" content=\"Escrito por\" \/>\n\t<meta name=\"twitter:data1\" content=\"adminpata2019\" \/>\n\t<meta name=\"twitter:label2\" content=\"Tiempo de lectura\" \/>\n\t<meta name=\"twitter:data2\" content=\"2 minutos\" \/>\n<script type=\"application\/ld+json\" class=\"yoast-schema-graph\">{\"@context\":\"https:\/\/schema.org\",\"@graph\":[{\"@type\":\"Article\",\"@id\":\"https:\/\/artesmarcialesparatodos.com\/wp\/diego-lenis\/#article\",\"isPartOf\":{\"@id\":\"https:\/\/artesmarcialesparatodos.com\/wp\/diego-lenis\/\"},\"author\":{\"name\":\"adminpata2019\",\"@id\":\"https:\/\/artesmarcialesparatodos.com\/wp\/#\/schema\/person\/c5c562b5771258d691f41e7fc43af754\"},\"headline\":\"#SUE\u00d1OMARCIAL\/DIEGO LENIS\",\"datePublished\":\"2020-01-17T21:38:40+00:00\",\"dateModified\":\"2025-08-07T03:09:02+00:00\",\"mainEntityOfPage\":{\"@id\":\"https:\/\/artesmarcialesparatodos.com\/wp\/diego-lenis\/\"},\"wordCount\":408,\"commentCount\":0,\"publisher\":{\"@id\":\"https:\/\/artesmarcialesparatodos.com\/wp\/#organization\"},\"image\":{\"@id\":\"https:\/\/artesmarcialesparatodos.com\/wp\/diego-lenis\/#primaryimage\"},\"thumbnailUrl\":\"https:\/\/artesmarcialesparatodos.com\/wp\/wp-content\/uploads\/2020\/01\/diego-lenis-karateka-2.jpeg\",\"keywords\":[\"apoyo a deportistas marciales\",\"karate shotokan\",\"talento marcial\"],\"articleSection\":[\"#SUE\u00d1O MARCIAL\",\"ART\u00cdCULOS\"],\"inLanguage\":\"es\",\"potentialAction\":[{\"@type\":\"CommentAction\",\"name\":\"Comment\",\"target\":[\"https:\/\/artesmarcialesparatodos.com\/wp\/diego-lenis\/#respond\"]}]},{\"@type\":\"WebPage\",\"@id\":\"https:\/\/artesmarcialesparatodos.com\/wp\/diego-lenis\/\",\"url\":\"https:\/\/artesmarcialesparatodos.com\/wp\/diego-lenis\/\",\"name\":\"#SUE\u00d1OMARCIAL\/DIEGO LENIS - ARTES MARCIALES PARA TODOS\",\"isPartOf\":{\"@id\":\"https:\/\/artesmarcialesparatodos.com\/wp\/#website\"},\"primaryImageOfPage\":{\"@id\":\"https:\/\/artesmarcialesparatodos.com\/wp\/diego-lenis\/#primaryimage\"},\"image\":{\"@id\":\"https:\/\/artesmarcialesparatodos.com\/wp\/diego-lenis\/#primaryimage\"},\"thumbnailUrl\":\"https:\/\/artesmarcialesparatodos.com\/wp\/wp-content\/uploads\/2020\/01\/diego-lenis-karateka-2.jpeg\",\"datePublished\":\"2020-01-17T21:38:40+00:00\",\"dateModified\":\"2025-08-07T03:09:02+00:00\",\"description\":\"Diego Lenis, un talento regional en el Karate Shotokan que necesita de su ayuda para cumplir su #sue\u00f1omarcial . Conozca m\u00e1s sobre este deportista\",\"breadcrumb\":{\"@id\":\"https:\/\/artesmarcialesparatodos.com\/wp\/diego-lenis\/#breadcrumb\"},\"inLanguage\":\"es\",\"potentialAction\":[{\"@type\":\"ReadAction\",\"target\":[\"https:\/\/artesmarcialesparatodos.com\/wp\/diego-lenis\/\"]}]},{\"@type\":\"ImageObject\",\"inLanguage\":\"es\",\"@id\":\"https:\/\/artesmarcialesparatodos.com\/wp\/diego-lenis\/#primaryimage\",\"url\":\"https:\/\/artesmarcialesparatodos.com\/wp\/wp-content\/uploads\/2020\/01\/diego-lenis-karateka-2.jpeg\",\"contentUrl\":\"https:\/\/artesmarcialesparatodos.com\/wp\/wp-content\/uploads\/2020\/01\/diego-lenis-karateka-2.jpeg\",\"width\":1280,\"height\":947,\"caption\":\"zuki o cross, \u00bfcual es la diferencia?\"},{\"@type\":\"BreadcrumbList\",\"@id\":\"https:\/\/artesmarcialesparatodos.com\/wp\/diego-lenis\/#breadcrumb\",\"itemListElement\":[{\"@type\":\"ListItem\",\"position\":1,\"name\":\"Portada\",\"item\":\"https:\/\/artesmarcialesparatodos.com\/wp\/\"},{\"@type\":\"ListItem\",\"position\":2,\"name\":\"#SUE\u00d1OMARCIAL\/DIEGO LENIS\"}]},{\"@type\":\"WebSite\",\"@id\":\"https:\/\/artesmarcialesparatodos.com\/wp\/#website\",\"url\":\"https:\/\/artesmarcialesparatodos.com\/wp\/\",\"name\":\"ARTES MARCIALES PARA TODOS\",\"description\":\"Hablemos de Artes Marciales\",\"publisher\":{\"@id\":\"https:\/\/artesmarcialesparatodos.com\/wp\/#organization\"},\"potentialAction\":[{\"@type\":\"SearchAction\",\"target\":{\"@type\":\"EntryPoint\",\"urlTemplate\":\"https:\/\/artesmarcialesparatodos.com\/wp\/?s={search_term_string}\"},\"query-input\":{\"@type\":\"PropertyValueSpecification\",\"valueRequired\":true,\"valueName\":\"search_term_string\"}}],\"inLanguage\":\"es\"},{\"@type\":\"Organization\",\"@id\":\"https:\/\/artesmarcialesparatodos.com\/wp\/#organization\",\"name\":\"ARTES MARCIALES PARA TODOS\",\"url\":\"https:\/\/artesmarcialesparatodos.com\/wp\/\",\"logo\":{\"@type\":\"ImageObject\",\"inLanguage\":\"es\",\"@id\":\"https:\/\/artesmarcialesparatodos.com\/wp\/#\/schema\/logo\/image\/\",\"url\":\"https:\/\/artesmarcialesparatodos.com\/wp\/wp-content\/uploads\/2019\/09\/ARTES-MARCIALES-PARA-TODOS.png\",\"contentUrl\":\"https:\/\/artesmarcialesparatodos.com\/wp\/wp-content\/uploads\/2019\/09\/ARTES-MARCIALES-PARA-TODOS.png\",\"width\":522,\"height\":171,\"caption\":\"ARTES MARCIALES PARA TODOS\"},\"image\":{\"@id\":\"https:\/\/artesmarcialesparatodos.com\/wp\/#\/schema\/logo\/image\/\"}},{\"@type\":\"Person\",\"@id\":\"https:\/\/artesmarcialesparatodos.com\/wp\/#\/schema\/person\/c5c562b5771258d691f41e7fc43af754\",\"name\":\"adminpata2019\",\"image\":{\"@type\":\"ImageObject\",\"inLanguage\":\"es\",\"@id\":\"https:\/\/artesmarcialesparatodos.com\/wp\/#\/schema\/person\/image\/\",\"url\":\"https:\/\/secure.gravatar.com\/avatar\/1d6bbc5d4cd8fa22b475004f23d8eca6fa4ad967a333c189e870ee526f3715f1?s=96&d=mm&r=g\",\"contentUrl\":\"https:\/\/secure.gravatar.com\/avatar\/1d6bbc5d4cd8fa22b475004f23d8eca6fa4ad967a333c189e870ee526f3715f1?s=96&d=mm&r=g\",\"caption\":\"adminpata2019\"},\"sameAs\":[\"https:\/\/artesmarcialesparatodos.com\/wp\"],\"url\":\"https:\/\/artesmarcialesparatodos.com\/wp\/author\/adminpata2019\/\"}]}<\/script>\n<!-- \/ Yoast SEO plugin. -->","yoast_head_json":{"title":"#SUE\u00d1OMARCIAL\/DIEGO LENIS - ARTES MARCIALES PARA TODOS","description":"Diego Lenis, un talento regional en el Karate Shotokan que necesita de su ayuda para cumplir su #sue\u00f1omarcial . Conozca m\u00e1s sobre este deportista","robots":{"index":"index","follow":"follow","max-snippet":"max-snippet:-1","max-image-preview":"max-image-preview:large","max-video-preview":"max-video-preview:-1"},"canonical":"https:\/\/artesmarcialesparatodos.com\/wp\/diego-lenis\/","og_locale":"es_ES","og_type":"article","og_title":"#SUE\u00d1OMARCIAL\/DIEGO LENIS - ARTES MARCIALES PARA TODOS","og_description":"Diego Lenis, un talento regional en el Karate Shotokan que necesita de su ayuda para cumplir su #sue\u00f1omarcial . Conozca m\u00e1s sobre este deportista","og_url":"https:\/\/artesmarcialesparatodos.com\/wp\/diego-lenis\/","og_site_name":"ARTES MARCIALES PARA TODOS","article_published_time":"2020-01-17T21:38:40+00:00","article_modified_time":"2025-08-07T03:09:02+00:00","og_image":[{"width":1280,"height":947,"url":"https:\/\/artesmarcialesparatodos.com\/wp\/wp-content\/uploads\/2020\/01\/diego-lenis-karateka-2.jpeg","type":"image\/jpeg"}],"author":"adminpata2019","twitter_card":"summary_large_image","twitter_misc":{"Escrito por":"adminpata2019","Tiempo de lectura":"2 minutos"},"schema":{"@context":"https:\/\/schema.org","@graph":[{"@type":"Article","@id":"https:\/\/artesmarcialesparatodos.com\/wp\/diego-lenis\/#article","isPartOf":{"@id":"https:\/\/artesmarcialesparatodos.com\/wp\/diego-lenis\/"},"author":{"name":"adminpata2019","@id":"https:\/\/artesmarcialesparatodos.com\/wp\/#\/schema\/person\/c5c562b5771258d691f41e7fc43af754"},"headline":"#SUE\u00d1OMARCIAL\/DIEGO LENIS","datePublished":"2020-01-17T21:38:40+00:00","dateModified":"2025-08-07T03:09:02+00:00","mainEntityOfPage":{"@id":"https:\/\/artesmarcialesparatodos.com\/wp\/diego-lenis\/"},"wordCount":408,"commentCount":0,"publisher":{"@id":"https:\/\/artesmarcialesparatodos.com\/wp\/#organization"},"image":{"@id":"https:\/\/artesmarcialesparatodos.com\/wp\/diego-lenis\/#primaryimage"},"thumbnailUrl":"https:\/\/artesmarcialesparatodos.com\/wp\/wp-content\/uploads\/2020\/01\/diego-lenis-karateka-2.jpeg","keywords":["apoyo a deportistas marciales","karate shotokan","talento marcial"],"articleSection":["#SUE\u00d1O MARCIAL","ART\u00cdCULOS"],"inLanguage":"es","potentialAction":[{"@type":"CommentAction","name":"Comment","target":["https:\/\/artesmarcialesparatodos.com\/wp\/diego-lenis\/#respond"]}]},{"@type":"WebPage","@id":"https:\/\/artesmarcialesparatodos.com\/wp\/diego-lenis\/","url":"https:\/\/artesmarcialesparatodos.com\/wp\/diego-lenis\/","name":"#SUE\u00d1OMARCIAL\/DIEGO LENIS - ARTES MARCIALES PARA TODOS","isPartOf":{"@id":"https:\/\/artesmarcialesparatodos.com\/wp\/#website"},"primaryImageOfPage":{"@id":"https:\/\/artesmarcialesparatodos.com\/wp\/diego-lenis\/#primaryimage"},"image":{"@id":"https:\/\/artesmarcialesparatodos.com\/wp\/diego-lenis\/#primaryimage"},"thumbnailUrl":"https:\/\/artesmarcialesparatodos.com\/wp\/wp-content\/uploads\/2020\/01\/diego-lenis-karateka-2.jpeg","datePublished":"2020-01-17T21:38:40+00:00","dateModified":"2025-08-07T03:09:02+00:00","description":"Diego Lenis, un talento regional en el Karate Shotokan que necesita de su ayuda para cumplir su #sue\u00f1omarcial . Conozca m\u00e1s sobre este deportista","breadcrumb":{"@id":"https:\/\/artesmarcialesparatodos.com\/wp\/diego-lenis\/#breadcrumb"},"inLanguage":"es","potentialAction":[{"@type":"ReadAction","target":["https:\/\/artesmarcialesparatodos.com\/wp\/diego-lenis\/"]}]},{"@type":"ImageObject","inLanguage":"es","@id":"https:\/\/artesmarcialesparatodos.com\/wp\/diego-lenis\/#primaryimage","url":"https:\/\/artesmarcialesparatodos.com\/wp\/wp-content\/uploads\/2020\/01\/diego-lenis-karateka-2.jpeg","contentUrl":"https:\/\/artesmarcialesparatodos.com\/wp\/wp-content\/uploads\/2020\/01\/diego-lenis-karateka-2.jpeg","width":1280,"height":947,"caption":"zuki o cross, \u00bfcual es la diferencia?"},{"@type":"BreadcrumbList","@id":"https:\/\/artesmarcialesparatodos.com\/wp\/diego-lenis\/#breadcrumb","itemListElement":[{"@type":"ListItem","position":1,"name":"Portada","item":"https:\/\/artesmarcialesparatodos.com\/wp\/"},{"@type":"ListItem","position":2,"name":"#SUE\u00d1OMARCIAL\/DIEGO LENIS"}]},{"@type":"WebSite","@id":"https:\/\/artesmarcialesparatodos.com\/wp\/#website","url":"https:\/\/artesmarcialesparatodos.com\/wp\/","name":"ARTES MARCIALES PARA TODOS","description":"Hablemos de Artes Marciales","publisher":{"@id":"https:\/\/artesmarcialesparatodos.com\/wp\/#organization"},"potentialAction":[{"@type":"SearchAction","target":{"@type":"EntryPoint","urlTemplate":"https:\/\/artesmarcialesparatodos.com\/wp\/?s={search_term_string}"},"query-input":{"@type":"PropertyValueSpecification","valueRequired":true,"valueName":"search_term_string"}}],"inLanguage":"es"},{"@type":"Organization","@id":"https:\/\/artesmarcialesparatodos.com\/wp\/#organization","name":"ARTES MARCIALES PARA TODOS","url":"https:\/\/artesmarcialesparatodos.com\/wp\/","logo":{"@type":"ImageObject","inLanguage":"es","@id":"https:\/\/artesmarcialesparatodos.com\/wp\/#\/schema\/logo\/image\/","url":"https:\/\/artesmarcialesparatodos.com\/wp\/wp-content\/uploads\/2019\/09\/ARTES-MARCIALES-PARA-TODOS.png","contentUrl":"https:\/\/artesmarcialesparatodos.com\/wp\/wp-content\/uploads\/2019\/09\/ARTES-MARCIALES-PARA-TODOS.png","width":522,"height":171,"caption":"ARTES MARCIALES PARA TODOS"},"image":{"@id":"https:\/\/artesmarcialesparatodos.com\/wp\/#\/schema\/logo\/image\/"}},{"@type":"Person","@id":"https:\/\/artesmarcialesparatodos.com\/wp\/#\/schema\/person\/c5c562b5771258d691f41e7fc43af754","name":"adminpata2019","image":{"@type":"ImageObject","inLanguage":"es","@id":"https:\/\/artesmarcialesparatodos.com\/wp\/#\/schema\/person\/image\/","url":"https:\/\/secure.gravatar.com\/avatar\/1d6bbc5d4cd8fa22b475004f23d8eca6fa4ad967a333c189e870ee526f3715f1?s=96&d=mm&r=g","contentUrl":"https:\/\/secure.gravatar.com\/avatar\/1d6bbc5d4cd8fa22b475004f23d8eca6fa4ad967a333c189e870ee526f3715f1?s=96&d=mm&r=g","caption":"adminpata2019"},"sameAs":["https:\/\/artesmarcialesparatodos.com\/wp"],"url":"https:\/\/artesmarcialesparatodos.com\/wp\/author\/adminpata2019\/"}]}},"_links":{"self":[{"href":"https:\/\/artesmarcialesparatodos.com\/wp\/wp-json\/wp\/v2\/posts\/6738","targetHints":{"allow":["GET"]}}],"collection":[{"href":"https:\/\/artesmarcialesparatodos.com\/wp\/wp-json\/wp\/v2\/posts"}],"about":[{"href":"https:\/\/artesmarcialesparatodos.com\/wp\/wp-json\/wp\/v2\/types\/post"}],"author":[{"embeddable":true,"href":"https:\/\/artesmarcialesparatodos.com\/wp\/wp-json\/wp\/v2\/users\/1"}],"replies":[{"embeddable":true,"href":"https:\/\/artesmarcialesparatodos.com\/wp\/wp-json\/wp\/v2\/comments?post=6738"}],"version-history":[{"count":1,"href":"https:\/\/artesmarcialesparatodos.com\/wp\/wp-json\/wp\/v2\/posts\/6738\/revisions"}],"predecessor-version":[{"id":9738,"href":"https:\/\/artesmarcialesparatodos.com\/wp\/wp-json\/wp\/v2\/posts\/6738\/revisions\/9738"}],"wp:featuredmedia":[{"embeddable":true,"href":"https:\/\/artesmarcialesparatodos.com\/wp\/wp-json\/wp\/v2\/media\/6740"}],"wp:attachment":[{"href":"https:\/\/artesmarcialesparatodos.com\/wp\/wp-json\/wp\/v2\/media?parent=6738"}],"wp:term":[{"taxonomy":"category","embeddable":true,"href":"https:\/\/artesmarcialesparatodos.com\/wp\/wp-json\/wp\/v2\/categories?post=6738"},{"taxonomy":"post_tag","embeddable":true,"href":"https:\/\/artesmarcialesparatodos.com\/wp\/wp-json\/wp\/v2\/tags?post=6738"}],"curies":[{"name":"wp","href":"https:\/\/api.w.org\/{rel}","templated":true}]}}